{"id":12536,"date":"2024-02-12T08:58:00","date_gmt":"2024-02-12T06:58:00","guid":{"rendered":"https:\/\/www.ccijf.asso.fr\/?p=12536"},"modified":"2024-02-13T16:36:28","modified_gmt":"2024-02-13T14:36:28","slug":"2024-01-03-gyokai-03","status":"publish","type":"post","link":"https:\/\/www.ccijf.asso.fr\/fr\/business-information\/special_nouvel_an\/previsions\/2024-01-03-gyokai-03\/","title":{"rendered":"\u00c9lectrique et \u00e9lectronique\uff1aKazunori YAMASHITA \/ TAMRON France"},"content":{"rendered":"\n<p>Permettez-moi, en ce d\u00e9but d\u2019ann\u00e9e 2024, de vous transmettre mes meilleurs v\u0153ux et de vous livrer quelques consid\u00e9rations.<\/p>\n\n\n\n<p>Faisons un retour sur l\u2019ann\u00e9e pass\u00e9e. La circulation internationale des personnes a largement repris depuis la fin avril gr\u00e2ce \u00e0 la lev\u00e9e des restrictions \u00e0 l\u2019entr\u00e9e au Japon et les \u00e9v\u00e8nements tels que les salons internationaux organis\u00e9s dans l\u2019archipel en mode hybride pr\u00e9sentiel\/distanciel sont devenus le nouveau normal&nbsp;; gr\u00e2ce au num\u00e9rique, des options qui \u00e9liminent la distance sociale sont aujourd\u2019hui disponibles. En Europe, dont la sortie de crise sanitaire a \u00e9t\u00e9 plus rapide, les grands \u00e9v\u00e8nements se tiennent en pr\u00e9sentiel depuis deux ans.<\/p>\n\n\n\n<p>L\u2019\u00e9conomie japonaise revient \u00e9galement \u00e0 la normale avec une am\u00e9lioration de la p\u00e9nurie de semi-conducteurs et une tendance haussi\u00e8re des investissements dans les biens d\u2019\u00e9quipement, tandis qu\u2019en Europe, les investissements dans les biens d\u2019\u00e9quipement et la consommation individuelle ont souffert l\u2019an dernier de la hausse continue des taux due \u00e0 la pression inflationniste.&nbsp;<\/p>\n\n\n\n<p>La guerre en Ukraine s\u2019\u00e9ternise et l\u2019automne dernier, la situation en Isra\u00ebl est venue se greffer sur un contexte international impr\u00e9visible. Dans ces circonstances, nombreux sont les facteurs d\u2019inqui\u00e9tude&nbsp;: l\u2019\u00e9conomie, notamment la hausse du prix des carburants et des produits alimentaires, la p\u00e9nurie de main d\u2019\u0153uvre ainsi que la faiblesse du taux du yen qui perdure.<\/p>\n\n\n\n<p>Dans ce contexte, les syst\u00e8mes sociaux sont actuellement \u00e0 une crois\u00e9e des chemins historique sous l\u2019influence de l\u2019IA et du num\u00e9rique. Voici les perspectives du secteur pour cette ann\u00e9e&nbsp;: sous l\u2019influence de l\u2019IA et du num\u00e9rique, une bipolarisation&nbsp;appara\u00eet avec d\u2019un c\u00f4t\u00e9, un changement de paradigme technologique qui s\u2019acc\u00e9l\u00e8re au sein de nos syst\u00e8mes sociaux, et de l\u2019autre, un ph\u00e9nom\u00e8ne oppos\u00e9 et simultan\u00e9 qui est celui d\u2019un vrai retour vers le terrain (<em>gemba<\/em>) et le concret (<em>gembutsu<\/em>), qui ne rel\u00e8ve pas de la nostalgie. Un exemple est la facilit\u00e9 de la cr\u00e9ation d\u2019images avec l\u2019IA g\u00e9n\u00e9rative, d\u2019une grande commodit\u00e9 pour la cr\u00e9ation de contenus. \u00c0 l\u2019inverse, l\u2019impact qu\u2019une seule photographie prise sur le terrain, donc du concret, peut avoir sur le monde rec\u00e8le une force latente susceptible de bouleverser des soci\u00e9t\u00e9s. Dans notre monde impr\u00e9visible, une seule photo peut avoir autant de puissance qu\u2019un appel silencieux.<\/p>\n\n\n\n<p>D\u00e9roulons le fil de l\u2019histoire des technologies. Nous avons vu na\u00eetre des technologies capables, en plus des dispositifs anti-vibration, de faire une mise au point enti\u00e8rement automatique et en continu sur un sujet mouvant \u00e0 photographier. Plus besoin de d\u00e9velopper les pellicules argentiques&nbsp;: nous pouvons aujourd\u2019hui voir nos images gr\u00e2ce \u00e0 des technologies num\u00e9riques qui d\u00e9tectent la lumi\u00e8re par capteur, et m\u00eame v\u00e9rifier l\u2019image sur \u00e9cran avant m\u00eame de d\u00e9clencher la prise de vue, pour ne jamais laisser passer l\u2019occasion de faire une bonne photo. L\u2019efficacit\u00e9 \u00e9nerg\u00e9tique est nettement meilleure qu\u2019avec les photos rat\u00e9es qu\u2019on ne d\u00e9couvrait qu\u2019une fois la pellicule d\u00e9velopp\u00e9e,<\/p>\n\n\n\n<p>J\u2019ai mentionn\u00e9 une bipolarisation.<br>La num\u00e9risation s\u2019appuyant sur l\u2019IA s\u2019acc\u00e9l\u00e8re dans les syst\u00e8mes sociaux publics, notamment la mobilit\u00e9 intelligente. Les technologies de conduite automatique deviennent plus s\u00fbres, leur efficacit\u00e9 \u00e9nerg\u00e9tique s\u2019am\u00e9liore et elles permettront sans doute de r\u00e9soudre la pollution atmosph\u00e9rique ou les embouteillages. Les syst\u00e8mes d\u2019observation de la plan\u00e8te devraient s\u2019av\u00e9rer extr\u00eamement utiles \u00e0 la d\u00e9tection pr\u00e9coce et la pr\u00e9vention des catastrophes telles que les inondations ou les feux de for\u00eat. En revanche, le lien humain devrait \u00eatre d\u2019autant plus recherch\u00e9 que la situation mondiale est volatile. Tout comme la puissance que rec\u00e8le une photographie qu\u2019on d\u00e9veloppe, le concret devrait devenir encore plus important, car c\u2019est une source d\u2019\u00e9motions humaines qui a le potentiel d\u2019influencer les valeurs de la soci\u00e9t\u00e9. En Europe, les installations de nouvelles usines et l\u2019automatisation industrielle devraient progresser alors que le continent, voulant assurer sa s\u00e9curit\u00e9 \u00e9conomique, se concentre sur sa r\u00e9industrialisation. Les activit\u00e9s manufacturi\u00e8res des usines intelligentes et laboratoires sont en quelque sorte l\u2019incarnation de la doctrine du&nbsp;<em>gemba genjitsu gembutsu<\/em>&nbsp;: aller sur le terrain et voir le concret dans son contexte r\u00e9el.<\/p>\n\n\n\n<p>Ce changement de paradigme num\u00e9rique et cette bipolarisation concomitante sont, je l\u2019ai mentionn\u00e9, des opportunit\u00e9s \u00e0 ne pas manquer. En conclusion, je vous pr\u00e9sente mes sinc\u00e8res souhaits que cette ann\u00e9e soit pour vous tous celle d\u2019un grand essor.<\/p>\n\n\n\n<p>Le 1<sup>er<\/sup> janvier 2024<br>Kazunori YAMASHITA<br>TAMRON France<\/p>\n\n\n\n<p><a href=\"https:\/\/www.ccijf.asso.fr\/ja\/business-information\/special_nouvel_an\/previsions\/2024-01-03-gyokai-03\/\" data-type=\"URL\" data-id=\"https:\/\/www.ccijf.asso.fr\/ja\/business-information\/special_nouvel_an\/previsions\/2024-01-03-gyokai-03\/\" target=\"_blank\" rel=\"noreferrer noopener\">[Japonais]<\/a><\/p>\n","protected":false},"excerpt":{"rendered":"<p>Permettez-moi, en ce d\u00e9but d\u2019ann\u00e9e 2024, de vous transmettre mes meilleurs v\u0153ux et de vous livrer quelques con\u2026<\/p>\n","protected":false},"author":10,"featured_media":0,"comment_status":"open","ping_status":"open","sticky":false,"template":"","format":"standard","meta":{"_monsterinsights_skip_tracking":false,"_monsterinsights_sitenote_active":false,"_monsterinsights_sitenote_note":"","_monsterinsights_sitenote_category":0,"_locale":"fr_FR","_original_post":"https:\/\/www.ccijf.asso.fr\/?p=12021","footnotes":""},"categories":[227],"tags":[],"class_list":["post-12536","post","type-post","status-publish","format-standard","hentry","category-previsions","fr-FR"],"_links":{"self":[{"href":"https:\/\/www.ccijf.asso.fr\/wp-json\/wp\/v2\/posts\/12536","targetHints":{"allow":["GET"]}}],"collection":[{"href":"https:\/\/www.ccijf.asso.fr\/wp-json\/wp\/v2\/posts"}],"about":[{"href":"https:\/\/www.ccijf.asso.fr\/wp-json\/wp\/v2\/types\/post"}],"author":[{"embeddable":true,"href":"https:\/\/www.ccijf.asso.fr\/wp-json\/wp\/v2\/users\/10"}],"replies":[{"embeddable":true,"href":"https:\/\/www.ccijf.asso.fr\/wp-json\/wp\/v2\/comments?post=12536"}],"version-history":[{"count":3,"href":"https:\/\/www.ccijf.asso.fr\/wp-json\/wp\/v2\/posts\/12536\/revisions"}],"predecessor-version":[{"id":12601,"href":"https:\/\/www.ccijf.asso.fr\/wp-json\/wp\/v2\/posts\/12536\/revisions\/12601"}],"wp:attachment":[{"href":"https:\/\/www.ccijf.asso.fr\/wp-json\/wp\/v2\/media?parent=12536"}],"wp:term":[{"taxonomy":"category","embeddable":true,"href":"https:\/\/www.ccijf.asso.fr\/wp-json\/wp\/v2\/categories?post=12536"},{"taxonomy":"post_tag","embeddable":true,"href":"https:\/\/www.ccijf.asso.fr\/wp-json\/wp\/v2\/tags?post=12536"}],"curies":[{"name":"wp","href":"https:\/\/api.w.org\/{rel}","templated":true}]}}